{"id":10159,"date":"2020-12-14T17:13:30","date_gmt":"2020-12-14T17:13:30","guid":{"rendered":"https:\/\/aprofort.transparencia.pt\/?p=10159"},"modified":"2021-04-15T17:11:57","modified_gmt":"2021-04-15T16:11:57","slug":"guinea-ecuatorial-debe-luchar-contra-la-corrupcion-y-aumentar-la-inversion-social-frente-a-la-crisis-economica","status":"publish","type":"post","link":"https:\/\/aprofort.transparencia.pt\/es\/guinea-ecuatorial-debe-luchar-contra-la-corrupcion-y-aumentar-la-inversion-social-frente-a-la-crisis-economica\/","title":{"rendered":"Guinea Ecuatorial debe luchar contra la corrupci\u00f3n y aumentar la inversi\u00f3n social frente a la crisis econ\u00f3mica"},"content":{"rendered":"<p>Del 19 al 27 de noviembre, el coordinador del proyecto APROFORT, Lucas Olo, visit\u00f3 las ciudades de Malabo y Bata. Durante la visita pudo entrevistarse con hasta 14 organizaciones de la sociedad civil del pa\u00eds junto a la abogada de la cl\u00ednica jur\u00eddica del proyecto, Maria Jes\u00fas Bikene.<\/p>\n<p>De los intercambios con las organizaciones sociales se pudo constatar que la situaci\u00f3n de crisis econ\u00f3mica que est\u00e1 afectando al pa\u00eds, acentuada por la pandemia del COVID19 y la consiguiente ca\u00edda de los precios de petr\u00f3leo, auguran un panorama incierto econ\u00f3mica y socialmente en 2021.<\/p>\n<p>A nivel social, las ONGs locales siguen con dificultades para acceder a financiaci\u00f3n. A nivel interno el acceso a financiaci\u00f3n est\u00e1 excesivamente restringido y la creciente demanda de atenci\u00f3n social hace que las ONGs no den abasto. Por otra parte, la legislaci\u00f3n sobre ONGs sigue siendo muy restrictiva y las organizaciones independientes, adem\u00e1s, denuncian la dificultad de registrarse legalmente en el pays. Otras organizaciones legalmente constituidas, sobre todo en la parte continental del pa\u00eds, han indicado las dificultades de comunicaci\u00f3n y acceso a informaci\u00f3n.<\/p>\n<p>Tambi\u00e9n las organizaciones describieron la situaci\u00f3n de impotencia ante casos de violaciones de menores, particularmente cuando se trata de familiares cercanos, o la dificultad de acceso a personas vulnerables en las zonas rurales.<\/p>\n<p>En los \u00faltimos meses se ha destacado tambi\u00e9n un aumento sorprendente de los incendios en zonas de aglomeraci\u00f3n de viviendas y poblaci\u00f3n que, si bien no es algo nuevo, denota el aumento de la precariedad de las viviendas y el aumento de la pobreza causada por el creciente desempleo.<\/p>\n<p>Por otro lado, en este entorno de dificultades, las organizaciones culturales empiezan a retomar sus actividades de sensibilizaci\u00f3n ciudadana en muchas \u00e1reas como la lucha contra el VIH o la sensibilizaci\u00f3n en relaci\u00f3n con la pandemia.<\/p>\n<p><img fetchpriority=\"high\" decoding=\"async\" class=\"alignnone wp-image-10163 size-full\" src=\"https:\/\/aprofort.transparencia.pt\/wp-content\/uploads\/2020\/12\/reunion-malabo.png\" alt=\"\" width=\"939\" height=\"704\" srcset=\"https:\/\/aprofort.transparencia.pt\/wp-content\/uploads\/2020\/12\/reunion-malabo.png 939w, https:\/\/aprofort.transparencia.pt\/wp-content\/uploads\/2020\/12\/reunion-malabo-300x225.png 300w, https:\/\/aprofort.transparencia.pt\/wp-content\/uploads\/2020\/12\/reunion-malabo-768x576.png 768w\" sizes=\"(max-width: 939px) 100vw, 939px\" \/><\/p>\n<p>\u201cEste contexto social hace a\u00fan m\u00e1s importante y relevante las subvenciones del proyecto APROFORT a las organizaciones locales, si bien estas modestas ayudas precisan de una implicaci\u00f3n de las instituciones nacionales e internacionales para que su impacto sea duradero\u201d. Indic\u00f3 el coordinador de APROFORT, que tuvo la oportunidad de entrevistarse con ONGs que solicitaron subvenciones al proyecto.<\/p>\n<p>En materia de buena gobernanza, la visita tambi\u00e9n sirvi\u00f3 para conocer de primera mano la situaci\u00f3n del proceso del EITI donde, por ejemplo, la celebraci\u00f3n de una conferencia nacional con la plena y libre participaci\u00f3n de toda la sociedad civil del pa\u00eds deber\u00eda servir de base para una mejora de las condiciones de esta, as\u00ed como una oportunidad para reformar la ley de ONGs existente permitiendo una total participaci\u00f3n de la sociedad civil de acuerdo con el est\u00e1ndar del EITI.<\/p>\n<p>El coordinador de APROFORT estuvo al tanto de las iniciativas anticorrupci\u00f3n en el pa\u00eds. Constatando que la ley anticorrupci\u00f3n no se estaba aplicando todav\u00eda. Si bien la lucha contra la corrupci\u00f3n es imperativa en un contexto como el guineano, se pudo ver que las investigaciones realizadas no parecen garantizar los derechos fundamentales de muchos de los detenidos mientras que otros parec\u00edan gozar de ciertos privilegios.<\/p>\n<p>\u201cLa crisis econ\u00f3mica actual solo podr\u00e1 superarse si se lucha de forma eficaz contra la corrupci\u00f3n y aumenta la inversi\u00f3n en gasto social en el pa\u00eds\u201d, a\u00f1adi\u00f3 Lucas Olo.<\/p>\n<p><img decoding=\"async\" class=\"alignnone wp-image-10166 size-full\" src=\"https:\/\/aprofort.transparencia.pt\/wp-content\/uploads\/2020\/12\/lucas-olo-susan-stevenson.png\" alt=\"\" width=\"939\" height=\"704\" srcset=\"https:\/\/aprofort.transparencia.pt\/wp-content\/uploads\/2020\/12\/lucas-olo-susan-stevenson.png 939w, https:\/\/aprofort.transparencia.pt\/wp-content\/uploads\/2020\/12\/lucas-olo-susan-stevenson-300x225.png 300w, https:\/\/aprofort.transparencia.pt\/wp-content\/uploads\/2020\/12\/lucas-olo-susan-stevenson-768x576.png 768w\" sizes=\"(max-width: 939px) 100vw, 939px\" \/><\/p>\n<p>Durante la visita el coordinador de APROFORT tambi\u00e9n pudo entrevistarse con la embajadora norteamericana en Malabo, Susan Stevenson, donde abordaron la situaci\u00f3n social del pa\u00eds y de la situaci\u00f3n de la Comisi\u00f3n Ecuatoguineana de Juristas y el Centro de Estudios e Iniciativas para el Desarrollo de Guinea Ecuatorial.<\/p>\n<h2>Sobre APROFORT<\/h2>\n<p>APROFORT- Apoyo, Protecci\u00f3n y Fortalecimiento de activistas y organizaciones de la Sociedad Civil en su labor de promoci\u00f3n de los Derechos Humanos en Guinea Ecuatorial,\u00a0es un proyecto cofinanciado por la Uni\u00f3n Europea y coordinado por Transparencia e Integridade \u2013 Transparencia Internacional Portugal, con sede en Lisboa.<\/p>\n","protected":false},"excerpt":{"rendered":"<p>Del 19 al 27 de noviembre, el coordinador del proyecto APROFORT, Lucas Olo, visit\u00f3 las ciudades de Malabo y Bata. Durante la visita pudo entrevistarse con hasta 14 organizaciones de la sociedad civil del pa\u00eds junto a la abogada de la cl\u00ednica jur\u00eddica del proyecto, Maria Jes\u00fas Bikene.<\/p>\n","protected":false},"author":2,"featured_media":10161,"comment_status":"closed","ping_status":"open","sticky":false,"template":"","format":"standard","meta":{"inline_featured_image":false,"site-sidebar-layout":"default","site-content-layout":"default","ast-site-content-layout":"default","site-content-style":"default","site-sidebar-style":"default","ast-global-header-display":"","ast-banner-title-visibility":"","ast-main-header-display":"","ast-hfb-above-header-display":"","ast-hfb-below-header-display":"","ast-hfb-mobile-header-display":"","site-post-title":"","ast-breadcrumbs-content":"","ast-featured-img":"","footer-sml-layout":"","ast-disable-related-posts":"","theme-transparent-header-meta":"default","adv-header-id-meta":"","stick-header-meta":"","header-above-stick-meta":"","header-main-stick-meta":"","header-below-stick-meta":"","astra-migrate-meta-layouts":"default","ast-page-background-enabled":"default","ast-page-background-meta":{"desktop":{"background-color":"","background-image":"","background-repeat":"repeat","background-position":"center center","background-size":"auto","background-attachment":"scroll","background-type":"","background-media":"","overlay-type":"","overlay-color":"","overlay-opacity":"","overlay-gradient":""},"tablet":{"background-color":"","background-image":"","background-repeat":"repeat","background-position":"center center","background-size":"auto","background-attachment":"scroll","background-type":"","background-media":"","overlay-type":"","overlay-color":"","overlay-opacity":"","overlay-gradient":""},"mobile":{"background-color":"","background-image":"","background-repeat":"repeat","background-position":"center center","background-size":"auto","background-attachment":"scroll","background-type":"","background-media":"","overlay-type":"","overlay-color":"","overlay-opacity":"","overlay-gradient":""}},"ast-content-background-meta":{"desktop":{"background-color":"var(--ast-global-color-5)","background-image":"","background-repeat":"repeat","background-position":"center center","background-size":"auto","background-attachment":"scroll","background-type":"","background-media":"","overlay-type":"","overlay-color":"","overlay-opacity":"","overlay-gradient":""},"tablet":{"background-color":"var(--ast-global-color-5)","background-image":"","background-repeat":"repeat","background-position":"center center","background-size":"auto","background-attachment":"scroll","background-type":"","background-media":"","overlay-type":"","overlay-color":"","overlay-opacity":"","overlay-gradient":""},"mobile":{"background-color":"var(--ast-global-color-5)","background-image":"","background-repeat":"repeat","background-position":"center center","background-size":"auto","background-attachment":"scroll","background-type":"","background-media":"","overlay-type":"","overlay-color":"","overlay-opacity":"","overlay-gradient":""}},"footnotes":""},"categories":[35],"tags":[],"class_list":["post-10159","post","type-post","status-publish","format-standard","has-post-thumbnail","hentry","category-noticias-es"],"aioseo_notices":[],"_links":{"self":[{"href":"https:\/\/aprofort.transparencia.pt\/es\/wp-json\/wp\/v2\/posts\/10159","targetHints":{"allow":["GET"]}}],"collection":[{"href":"https:\/\/aprofort.transparencia.pt\/es\/wp-json\/wp\/v2\/posts"}],"about":[{"href":"https:\/\/aprofort.transparencia.pt\/es\/wp-json\/wp\/v2\/types\/post"}],"author":[{"embeddable":true,"href":"https:\/\/aprofort.transparencia.pt\/es\/wp-json\/wp\/v2\/users\/2"}],"replies":[{"embeddable":true,"href":"https:\/\/aprofort.transparencia.pt\/es\/wp-json\/wp\/v2\/comments?post=10159"}],"version-history":[{"count":3,"href":"https:\/\/aprofort.transparencia.pt\/es\/wp-json\/wp\/v2\/posts\/10159\/revisions"}],"predecessor-version":[{"id":10192,"href":"https:\/\/aprofort.transparencia.pt\/es\/wp-json\/wp\/v2\/posts\/10159\/revisions\/10192"}],"wp:featuredmedia":[{"embeddable":true,"href":"https:\/\/aprofort.transparencia.pt\/es\/wp-json\/wp\/v2\/media\/10161"}],"wp:attachment":[{"href":"https:\/\/aprofort.transparencia.pt\/es\/wp-json\/wp\/v2\/media?parent=10159"}],"wp:term":[{"taxonomy":"category","embeddable":true,"href":"https:\/\/aprofort.transparencia.pt\/es\/wp-json\/wp\/v2\/categories?post=10159"},{"taxonomy":"post_tag","embeddable":true,"href":"https:\/\/aprofort.transparencia.pt\/es\/wp-json\/wp\/v2\/tags?post=10159"}],"curies":[{"name":"wp","href":"https:\/\/api.w.org\/{rel}","templated":true}]}}